{"id":1,"name":"admin6564","url":"http:\/\/challenge-velo-utile.fr","description":"","link":"https:\/\/challenge-velo-utile.fr\/index.php\/author\/admin6564\/","slug":"admin6564","avatar_urls":{"24":"https:\/\/secure.gravatar.com\/avatar\/5662320c77877771e09dc84639666b1a1de734dd244f0463235c367bf135b4ec?s=24&d=mm&r=g","48":"https:\/\/secure.gravatar.com\/avatar\/5662320c77877771e09dc84639666b1a1de734dd244f0463235c367bf135b4ec?s=48&d=mm&r=g","96":"https:\/\/secure.gravatar.com\/avatar\/5662320c77877771e09dc84639666b1a1de734dd244f0463235c367bf135b4ec?s=96&d=mm&r=g"},"meta":[],"yoast_head":"<!-- This site is optimized with the Yoast SEO plugin v27.5 - https:\/\/yoast.com\/product\/yoast-seo-wordpress\/ -->\n<title>admin6564, auteur\/autrice sur Le challenge des mobilit\u00e9s St-Brieuc C\u00f4tes d&#039;Armor<\/title>\n<meta name=\"robots\" content=\"index, follow, max-snippet:-1, max-image-preview:large, max-video-preview:-1\" \/>\n<link rel=\"canonical\" href=\"https:\/\/challenge-velo-utile.fr\/index.php\/author\/admin6564\/\" \/>\n<meta property=\"og:locale\" content=\"fr_FR\" \/>\n<meta property=\"og:type\" content=\"profile\" \/>\n<meta property=\"og:title\" content=\"admin6564, auteur\/autrice sur Le challenge des mobilit\u00e9s St-Brieuc C\u00f4tes d&#039;Armor\" \/>\n<meta property=\"og:url\" content=\"https:\/\/challenge-velo-utile.fr\/index.php\/author\/admin6564\/\" \/>\n<meta property=\"og:site_name\" content=\"Le challenge des mobilit\u00e9s St-Brieuc C\u00f4tes d&#039;Armor\" \/>\n<meta property=\"og:image\" content=\"https:\/\/secure.gravatar.com\/avatar\/07a25d652a389cafd0d77cd541359333?s=500&d=mm&r=g\" \/>\n<meta name=\"twitter:card\" content=\"summary_large_image\" \/>\n<meta name=\"twitter:site\" content=\"@CHALLENGEVELO22\" \/>\n<script type=\"application\/ld+json\" class=\"yoast-schema-graph\">{\"@context\":\"https:\\\/\\\/schema.org\",\"@graph\":[{\"@type\":\"ProfilePage\",\"@id\":\"https:\\\/\\\/challenge-velo-utile.fr\\\/index.php\\\/author\\\/admin6564\\\/\",\"url\":\"https:\\\/\\\/challenge-velo-utile.fr\\\/index.php\\\/author\\\/admin6564\\\/\",\"name\":\"admin6564, auteur\\\/autrice sur Le challenge des mobilit\u00e9s St-Brieuc C\u00f4tes d&#039;Armor\",\"isPartOf\":{\"@id\":\"https:\\\/\\\/challenge-velo-utile.fr\\\/#website\"},\"breadcrumb\":{\"@id\":\"https:\\\/\\\/challenge-velo-utile.fr\\\/index.php\\\/author\\\/admin6564\\\/#breadcrumb\"},\"inLanguage\":\"fr-FR\",\"potentialAction\":[{\"@type\":\"ReadAction\",\"target\":[\"https:\\\/\\\/challenge-velo-utile.fr\\\/index.php\\\/author\\\/admin6564\\\/\"]}]},{\"@type\":\"BreadcrumbList\",\"@id\":\"https:\\\/\\\/challenge-velo-utile.fr\\\/index.php\\\/author\\\/admin6564\\\/#breadcrumb\",\"itemListElement\":[{\"@type\":\"ListItem\",\"position\":1,\"name\":\"Accueil\",\"item\":\"https:\\\/\\\/challenge-velo-utile.fr\\\/\"},{\"@type\":\"ListItem\",\"position\":2,\"name\":\"Archives pour admin6564\"}]},{\"@type\":\"WebSite\",\"@id\":\"https:\\\/\\\/challenge-velo-utile.fr\\\/#website\",\"url\":\"https:\\\/\\\/challenge-velo-utile.fr\\\/\",\"name\":\"Le challenge des mobilit\u00e9s St-Brieuc C\u00f4tes d'Armor\",\"description\":\"\",\"publisher\":{\"@id\":\"https:\\\/\\\/challenge-velo-utile.fr\\\/#organization\"},\"alternateName\":\"Challenge V\u00e9lo Utile\",\"potentialAction\":[{\"@type\":\"SearchAction\",\"target\":{\"@type\":\"EntryPoint\",\"urlTemplate\":\"https:\\\/\\\/challenge-velo-utile.fr\\\/?s={search_term_string}\"},\"query-input\":{\"@type\":\"PropertyValueSpecification\",\"valueRequired\":true,\"valueName\":\"search_term_string\"}}],\"inLanguage\":\"fr-FR\"},{\"@type\":\"Organization\",\"@id\":\"https:\\\/\\\/challenge-velo-utile.fr\\\/#organization\",\"name\":\"Le challenge des mobilit\u00e9s St-Brieuc C\u00f4tes d'Armor\",\"alternateName\":\"Challenge V\u00e9lo Utile\",\"url\":\"https:\\\/\\\/challenge-velo-utile.fr\\\/\",\"logo\":{\"@type\":\"ImageObject\",\"inLanguage\":\"fr-FR\",\"@id\":\"https:\\\/\\\/challenge-velo-utile.fr\\\/#\\\/schema\\\/logo\\\/image\\\/\",\"url\":\"https:\\\/\\\/challenge-velo-utile.fr\\\/wp-content\\\/uploads\\\/2023\\\/11\\\/A3-CMSBA2024.png\",\"contentUrl\":\"https:\\\/\\\/challenge-velo-utile.fr\\\/wp-content\\\/uploads\\\/2023\\\/11\\\/A3-CMSBA2024.png\",\"width\":842,\"height\":1191,\"caption\":\"Le challenge des mobilit\u00e9s St-Brieuc C\u00f4tes d'Armor\"},\"image\":{\"@id\":\"https:\\\/\\\/challenge-velo-utile.fr\\\/#\\\/schema\\\/logo\\\/image\\\/\"},\"sameAs\":[\"https:\\\/\\\/www.facebook.com\\\/challengeveloutile\\\/\",\"https:\\\/\\\/x.com\\\/CHALLENGEVELO22\"]},{\"@type\":\"Person\",\"@id\":\"https:\\\/\\\/challenge-velo-utile.fr\\\/#\\\/schema\\\/person\\\/e2f8f5b7c84ab4ae7278971bb8bab681\",\"name\":\"admin6564\",\"image\":{\"@type\":\"ImageObject\",\"inLanguage\":\"fr-FR\",\"@id\":\"https:\\\/\\\/secure.gravatar.com\\\/avatar\\\/5662320c77877771e09dc84639666b1a1de734dd244f0463235c367bf135b4ec?s=96&d=mm&r=g\",\"url\":\"https:\\\/\\\/secure.gravatar.com\\\/avatar\\\/5662320c77877771e09dc84639666b1a1de734dd244f0463235c367bf135b4ec?s=96&d=mm&r=g\",\"contentUrl\":\"https:\\\/\\\/secure.gravatar.com\\\/avatar\\\/5662320c77877771e09dc84639666b1a1de734dd244f0463235c367bf135b4ec?s=96&d=mm&r=g\",\"caption\":\"admin6564\"},\"sameAs\":[\"http:\\\/\\\/challenge-velo-utile.fr\"],\"mainEntityOfPage\":{\"@id\":\"https:\\\/\\\/challenge-velo-utile.fr\\\/index.php\\\/author\\\/admin6564\\\/\"}}]}<\/script>\n<!-- \/ Yoast SEO plugin. -->","yoast_head_json":{"title":"admin6564, auteur\/autrice sur Le challenge des mobilit\u00e9s St-Brieuc C\u00f4tes d&#039;Armor","robots":{"index":"index","follow":"follow","max-snippet":"max-snippet:-1","max-image-preview":"max-image-preview:large","max-video-preview":"max-video-preview:-1"},"canonical":"https:\/\/challenge-velo-utile.fr\/index.php\/author\/admin6564\/","og_locale":"fr_FR","og_type":"profile","og_title":"admin6564, auteur\/autrice sur Le challenge des mobilit\u00e9s St-Brieuc C\u00f4tes d&#039;Armor","og_url":"https:\/\/challenge-velo-utile.fr\/index.php\/author\/admin6564\/","og_site_name":"Le challenge des mobilit\u00e9s St-Brieuc C\u00f4tes d&#039;Armor","og_image":[{"url":"https:\/\/secure.gravatar.com\/avatar\/07a25d652a389cafd0d77cd541359333?s=500&d=mm&r=g","type":"","width":"","height":""}],"twitter_card":"summary_large_image","twitter_site":"@CHALLENGEVELO22","schema":{"@context":"https:\/\/schema.org","@graph":[{"@type":"ProfilePage","@id":"https:\/\/challenge-velo-utile.fr\/index.php\/author\/admin6564\/","url":"https:\/\/challenge-velo-utile.fr\/index.php\/author\/admin6564\/","name":"admin6564, auteur\/autrice sur Le challenge des mobilit\u00e9s St-Brieuc C\u00f4tes d&#039;Armor","isPartOf":{"@id":"https:\/\/challenge-velo-utile.fr\/#website"},"breadcrumb":{"@id":"https:\/\/challenge-velo-utile.fr\/index.php\/author\/admin6564\/#breadcrumb"},"inLanguage":"fr-FR","potentialAction":[{"@type":"ReadAction","target":["https:\/\/challenge-velo-utile.fr\/index.php\/author\/admin6564\/"]}]},{"@type":"BreadcrumbList","@id":"https:\/\/challenge-velo-utile.fr\/index.php\/author\/admin6564\/#breadcrumb","itemListElement":[{"@type":"ListItem","position":1,"name":"Accueil","item":"https:\/\/challenge-velo-utile.fr\/"},{"@type":"ListItem","position":2,"name":"Archives pour admin6564"}]},{"@type":"WebSite","@id":"https:\/\/challenge-velo-utile.fr\/#website","url":"https:\/\/challenge-velo-utile.fr\/","name":"Le challenge des mobilit\u00e9s St-Brieuc C\u00f4tes d'Armor","description":"","publisher":{"@id":"https:\/\/challenge-velo-utile.fr\/#organization"},"alternateName":"Challenge V\u00e9lo Utile","potentialAction":[{"@type":"SearchAction","target":{"@type":"EntryPoint","urlTemplate":"https:\/\/challenge-velo-utile.fr\/?s={search_term_string}"},"query-input":{"@type":"PropertyValueSpecification","valueRequired":true,"valueName":"search_term_string"}}],"inLanguage":"fr-FR"},{"@type":"Organization","@id":"https:\/\/challenge-velo-utile.fr\/#organization","name":"Le challenge des mobilit\u00e9s St-Brieuc C\u00f4tes d'Armor","alternateName":"Challenge V\u00e9lo Utile","url":"https:\/\/challenge-velo-utile.fr\/","logo":{"@type":"ImageObject","inLanguage":"fr-FR","@id":"https:\/\/challenge-velo-utile.fr\/#\/schema\/logo\/image\/","url":"https:\/\/challenge-velo-utile.fr\/wp-content\/uploads\/2023\/11\/A3-CMSBA2024.png","contentUrl":"https:\/\/challenge-velo-utile.fr\/wp-content\/uploads\/2023\/11\/A3-CMSBA2024.png","width":842,"height":1191,"caption":"Le challenge des mobilit\u00e9s St-Brieuc C\u00f4tes d'Armor"},"image":{"@id":"https:\/\/challenge-velo-utile.fr\/#\/schema\/logo\/image\/"},"sameAs":["https:\/\/www.facebook.com\/challengeveloutile\/","https:\/\/x.com\/CHALLENGEVELO22"]},{"@type":"Person","@id":"https:\/\/challenge-velo-utile.fr\/#\/schema\/person\/e2f8f5b7c84ab4ae7278971bb8bab681","name":"admin6564","image":{"@type":"ImageObject","inLanguage":"fr-FR","@id":"https:\/\/secure.gravatar.com\/avatar\/5662320c77877771e09dc84639666b1a1de734dd244f0463235c367bf135b4ec?s=96&d=mm&r=g","url":"https:\/\/secure.gravatar.com\/avatar\/5662320c77877771e09dc84639666b1a1de734dd244f0463235c367bf135b4ec?s=96&d=mm&r=g","contentUrl":"https:\/\/secure.gravatar.com\/avatar\/5662320c77877771e09dc84639666b1a1de734dd244f0463235c367bf135b4ec?s=96&d=mm&r=g","caption":"admin6564"},"sameAs":["http:\/\/challenge-velo-utile.fr"],"mainEntityOfPage":{"@id":"https:\/\/challenge-velo-utile.fr\/index.php\/author\/admin6564\/"}}]}},"_links":{"self":[{"href":"https:\/\/challenge-velo-utile.fr\/index.php\/wp-json\/wp\/v2\/users\/1","targetHints":{"allow":["GET"]}}],"collection":[{"href":"https:\/\/challenge-velo-utile.fr\/index.php\/wp-json\/wp\/v2\/users"}]}}